{"id":6583,"date":"2024-03-09T11:13:53","date_gmt":"2024-03-09T11:13:53","guid":{"rendered":"https:\/\/atvguinee.net\/?p=6583"},"modified":"2024-03-09T11:21:52","modified_gmt":"2024-03-09T11:21:52","slug":"kindia-journee-internationale-des-droits-des-femmes-le-president-doumbouya-donne-les-raisons-de-son-absence","status":"publish","type":"post","link":"https:\/\/atvguinee.net\/index.php\/2024\/03\/09\/kindia-journee-internationale-des-droits-des-femmes-le-president-doumbouya-donne-les-raisons-de-son-absence\/","title":{"rendered":"Kindia : journ\u00e9e internationale des droits des femmes, le pr\u00e9sident Doumbouya donne les raisons de son absence&#8230;."},"content":{"rendered":"<p>\u00c1 l&rsquo;occasion de la c\u00e9l\u00e9bration de la journ\u00e9e internationale des droits des femmes, le pr\u00e9sident de la transition, le G\u00e9n\u00e9ral Mamadi Doumbouya \u00e9tait attendu \u00e0 Kindia. Contre toute attente, le chef de L&rsquo;Etat a brill\u00e9 par son absence .Il s\u2019est fait repr\u00e9senter par son \u00e9pouse Lauriane Doumbouya.<\/p>\n<p>A travers une publication faite sur sa page officielle Facebook, le chef supr\u00eame des Arm\u00e9es a expliqu\u00e9 son absence par le fait que son \u00e9pouse la premi\u00e8re dame est celle qui est la plus proche de la couche f\u00e9minine.<\/p>\n<p>\u00bb Toujours pr\u00e9sente aux c\u00f4t\u00e9s de la population f\u00e9minine, dont elle est devenue la porte-parole, j\u2019ai d\u00e9p\u00each\u00e9, ce 8 mars 2024 la Premi\u00e8re Dame \u00e0 Kindia pour me repr\u00e9senter, ainsi que le Premier ministre, chef du gouvernement, pour transmettre mon message \u00e0 toutes les femmes guin\u00e9ennes, tout en recueillant leurs pr\u00e9occupations et leurs attentes du moment.<br \/>\nJe souhaite une bonne c\u00e9l\u00e9bration de cette journ\u00e9e \u00e0 toutes les femmes de Guin\u00e9e et du monde \u00bb a-t-il conclu .<\/p>\n<p>&nbsp;<\/p>\n","protected":false},"excerpt":{"rendered":"<p>\u00c1 l&rsquo;occasion de la c\u00e9l\u00e9bration de la journ\u00e9e internationale des droits des femmes, le pr\u00e9sident de la transition, le G\u00e9n\u00e9ral Mamadi Doumbouya \u00e9tait attendu \u00e0 Kindia. Contre toute attente, le chef de L&rsquo;Etat a brill\u00e9 par son absence .Il s\u2019est fait repr\u00e9senter par son \u00e9pouse Lauriane Doumbouya. A travers une publication faite sur sa page [&hellip;]<\/p>\n","protected":false},"author":4,"featured_media":0,"comment_status":"open","ping_status":"open","sticky":false,"template":"","format":"standard","meta":{"footnotes":""},"categories":[17],"tags":[],"class_list":["post-6583","post","type-post","status-publish","format-standard","hentry","category-societe"],"_links":{"self":[{"href":"https:\/\/atvguinee.net\/index.php\/wp-json\/wp\/v2\/posts\/6583","targetHints":{"allow":["GET"]}}],"collection":[{"href":"https:\/\/atvguinee.net\/index.php\/wp-json\/wp\/v2\/posts"}],"about":[{"href":"https:\/\/atvguinee.net\/index.php\/wp-json\/wp\/v2\/types\/post"}],"author":[{"embeddable":true,"href":"https:\/\/atvguinee.net\/index.php\/wp-json\/wp\/v2\/users\/4"}],"replies":[{"embeddable":true,"href":"https:\/\/atvguinee.net\/index.php\/wp-json\/wp\/v2\/comments?post=6583"}],"version-history":[{"count":1,"href":"https:\/\/atvguinee.net\/index.php\/wp-json\/wp\/v2\/posts\/6583\/revisions"}],"predecessor-version":[{"id":6584,"href":"https:\/\/atvguinee.net\/index.php\/wp-json\/wp\/v2\/posts\/6583\/revisions\/6584"}],"wp:attachment":[{"href":"https:\/\/atvguinee.net\/index.php\/wp-json\/wp\/v2\/media?parent=6583"}],"wp:term":[{"taxonomy":"category","embeddable":true,"href":"https:\/\/atvguinee.net\/index.php\/wp-json\/wp\/v2\/categories?post=6583"},{"taxonomy":"post_tag","embeddable":true,"href":"https:\/\/atvguinee.net\/index.php\/wp-json\/wp\/v2\/tags?post=6583"}],"curies":[{"name":"wp","href":"https:\/\/api.w.org\/{rel}","templated":true}]}}