{"id":6010,"date":"2023-09-21T15:58:02","date_gmt":"2023-09-21T15:58:02","guid":{"rendered":"https:\/\/atvguinee.net\/?p=6010"},"modified":"2023-09-21T15:58:02","modified_gmt":"2023-09-21T15:58:02","slug":"mamadi-doumbouya-prendra-la-parole-aux-nations-unies-lufdg-affirme-quil-ne-tiendra-pas-plus-bon-que-celui-du-5-septembre","status":"publish","type":"post","link":"https:\/\/atvguinee.net\/index.php\/2023\/09\/21\/mamadi-doumbouya-prendra-la-parole-aux-nations-unies-lufdg-affirme-quil-ne-tiendra-pas-plus-bon-que-celui-du-5-septembre\/","title":{"rendered":"Mamadi Doumbouya prendra la parole aux Nations-Unies : l&rsquo;UFDG affirme qu&rsquo;il ne tiendra pas plus bon que celui du 5 septembre"},"content":{"rendered":"<p>Le colonel Mamadi Doumbouya a New-York prendra la parole Jeudi \u00e0 la tribune des Nations-Unies. Face \u00e0 cette information, le parti de Cellou Dalein croit dur comme fer qu&rsquo;il ne tiendra pas un discours bon comme celui du 5 septembre.<\/p>\n<p>Pour l&rsquo;Union des forces d\u00e9mocratiques de Guin\u00e9e, Mamadi Doumbouya ne tiendra pas un discours plus audible que celui qu&rsquo;il avait livr\u00e9 le 5 septembre 2021, le jour de sa prise du pouvoir.<\/p>\n<p>\u00ab\u00a0Le Colonel Mamadi Doumbouya ne tiendra pas un discours aussi important, plus calme, plus audible que celui du 5 septembre 2021 et ses autres discours qui ont suivis. La profession de foi qu\u2019il a faite le 03 octobre 2021 et qu\u2019il peine \u00e0 respecter aujourd\u2019hui, c\u2019est ce qui risque d\u2019occasionner son \u00e9chec. \u00a0S\u2019il veut sortir Grand, qu\u2019il respecte son discours tenu le 5 septembre 2021, ainsi que celui tenu le jour de son investiture en tant que pr\u00e9sident de la transition\u00a0\u00bb, a d\u00e9clar\u00e9 le coordinateur de la cellule de communication de l\u2019UFDG.<\/p>\n","protected":false},"excerpt":{"rendered":"<p>Le colonel Mamadi Doumbouya a New-York prendra la parole Jeudi \u00e0 la tribune des Nations-Unies. Face \u00e0 cette information, le parti de Cellou Dalein croit dur comme fer qu&rsquo;il ne tiendra pas un discours bon comme celui du 5 septembre. Pour l&rsquo;Union des forces d\u00e9mocratiques de Guin\u00e9e, Mamadi Doumbouya ne tiendra pas un discours plus [&hellip;]<\/p>\n","protected":false},"author":1,"featured_media":6011,"comment_status":"open","ping_status":"open","sticky":false,"template":"","format":"standard","meta":{"footnotes":""},"categories":[14],"tags":[],"class_list":["post-6010","post","type-post","status-publish","format-standard","has-post-thumbnail","hentry","category-politique"],"_links":{"self":[{"href":"https:\/\/atvguinee.net\/index.php\/wp-json\/wp\/v2\/posts\/6010","targetHints":{"allow":["GET"]}}],"collection":[{"href":"https:\/\/atvguinee.net\/index.php\/wp-json\/wp\/v2\/posts"}],"about":[{"href":"https:\/\/atvguinee.net\/index.php\/wp-json\/wp\/v2\/types\/post"}],"author":[{"embeddable":true,"href":"https:\/\/atvguinee.net\/index.php\/wp-json\/wp\/v2\/users\/1"}],"replies":[{"embeddable":true,"href":"https:\/\/atvguinee.net\/index.php\/wp-json\/wp\/v2\/comments?post=6010"}],"version-history":[{"count":1,"href":"https:\/\/atvguinee.net\/index.php\/wp-json\/wp\/v2\/posts\/6010\/revisions"}],"predecessor-version":[{"id":6012,"href":"https:\/\/atvguinee.net\/index.php\/wp-json\/wp\/v2\/posts\/6010\/revisions\/6012"}],"wp:featuredmedia":[{"embeddable":true,"href":"https:\/\/atvguinee.net\/index.php\/wp-json\/wp\/v2\/media\/6011"}],"wp:attachment":[{"href":"https:\/\/atvguinee.net\/index.php\/wp-json\/wp\/v2\/media?parent=6010"}],"wp:term":[{"taxonomy":"category","embeddable":true,"href":"https:\/\/atvguinee.net\/index.php\/wp-json\/wp\/v2\/categories?post=6010"},{"taxonomy":"post_tag","embeddable":true,"href":"https:\/\/atvguinee.net\/index.php\/wp-json\/wp\/v2\/tags?post=6010"}],"curies":[{"name":"wp","href":"https:\/\/api.w.org\/{rel}","templated":true}]}}