{"id":5931,"date":"2023-09-07T13:09:35","date_gmt":"2023-09-07T13:09:35","guid":{"rendered":"https:\/\/atvguinee.net\/?p=5931"},"modified":"2023-09-07T13:09:35","modified_gmt":"2023-09-07T13:09:35","slug":"grand-reportage-somaliens-atteints-dalbinisme-ecorches-de-pierres-et-doeufs-crus","status":"publish","type":"post","link":"https:\/\/atvguinee.net\/index.php\/2023\/09\/07\/grand-reportage-somaliens-atteints-dalbinisme-ecorches-de-pierres-et-doeufs-crus\/","title":{"rendered":"Grand Reportage: Somaliens atteints d&rsquo;albinisme : \u00e9corch\u00e9s de pierres et d&rsquo;\u0153ufs crus"},"content":{"rendered":"<p>&nbsp;<\/p>\n<div class=\"ssrcss-11r1m41-RichTextComponentWrapper ep2nwvo0\" data-component=\"text-block\">\n<div class=\"ssrcss-7uxr49-RichTextContainer e5tfeyi1\">\n<p class=\"ssrcss-1q0x1qg-Paragraph e1jhz7w10\"><b class=\"ssrcss-hmf8ql-BoldText e5tfeyi3\"><span>Faisant r\u00e9f\u00e9rence \u00e0 la stigmatisation dont il est victime en Somalie parce qu&rsquo;il est atteint d&rsquo;albinisme, Elmi Bile Mohamed, 25 ans, d\u00e9clare : \u00ab\u00a0Les gens me disent que je suis un cannibale et que je vais manger leurs enfants. Ils ont peur de moi.\u00a0\u00bb<\/span><\/b><\/p>\n<\/div>\n<\/div>\n<div class=\"ssrcss-11r1m41-RichTextComponentWrapper ep2nwvo0\" data-component=\"text-block\">\n<div class=\"ssrcss-7uxr49-RichTextContainer e5tfeyi1\">\n<p class=\"ssrcss-1q0x1qg-Paragraph e1jhz7w10\"><span>M. Mohamed a du mal \u00e0 trouver un logement dans la capitale, Mogadiscio, depuis qu&rsquo;il a quitt\u00e9 sa maison rurale dans la r\u00e9gion centrale de Hiraan.\u00a0Ses fr\u00e8res souffrent \u00e9galement de cette maladie.<\/span><\/p>\n<\/div>\n<\/div>\n<div class=\"ssrcss-11r1m41-RichTextComponentWrapper ep2nwvo0\" data-component=\"text-block\">\n<div class=\"ssrcss-7uxr49-RichTextContainer e5tfeyi1\">\n<p class=\"ssrcss-1q0x1qg-Paragraph e1jhz7w10\"><span>\u00ab\u00a0Nous avons \u00e9t\u00e9 continuellement insult\u00e9s et tortur\u00e9s par notre communaut\u00e9. Nous avons \u00e9t\u00e9 battus et moqu\u00e9s \u00e0 cause de la couleur p\u00e2le de notre peau, de nos cheveux et de nos yeux\u00a0\u00bb, dit-il.<\/span><\/p>\n<\/div>\n<\/div>\n<div class=\"ssrcss-11r1m41-RichTextComponentWrapper ep2nwvo0\" data-component=\"text-block\">\n<div class=\"ssrcss-7uxr49-RichTextContainer e5tfeyi1\">\n<p class=\"ssrcss-1q0x1qg-Paragraph e1jhz7w10\"><span>\u00ab\u00a0Je pensais trouver une vie meilleure \u00e0 Mogadiscio, mais j&rsquo;avais tort.\u00a0\u00bb<\/span><\/p>\n<\/div>\n<\/div>\n<div class=\"ssrcss-11r1m41-RichTextComponentWrapper ep2nwvo0\" data-component=\"text-block\">\n<div class=\"ssrcss-7uxr49-RichTextContainer e5tfeyi1\">\n<p class=\"ssrcss-1q0x1qg-Paragraph e1jhz7w10\"><span>M. Mohamed a cherch\u00e9 et cherch\u00e9 une chambre dans une maison partag\u00e9e mais a \u00e9t\u00e9 rejet\u00e9 \u00e0 chaque fois.<\/span><\/p>\n<\/div>\n<\/div>\n<div class=\"ssrcss-11r1m41-RichTextComponentWrapper ep2nwvo0\" data-component=\"text-block\">\n<div class=\"ssrcss-7uxr49-RichTextContainer e5tfeyi1\">\n<p class=\"ssrcss-1q0x1qg-Paragraph e1jhz7w10\"><span>Il a fini par payer 30 dollars (23 \u00a3) par mois pour vivre dans un hangar de stockage dans le quartier de Hamar Weyne, la partie la plus ancienne de la ville.<\/span><\/p>\n<\/div>\n<\/div>\n<div id=\"piano-inline1\"><\/div>\n<div class=\"ssrcss-11r1m41-RichTextComponentWrapper ep2nwvo0\" data-component=\"text-block\">\n<div class=\"ssrcss-7uxr49-RichTextContainer e5tfeyi1\">\n<p class=\"ssrcss-1q0x1qg-Paragraph e1jhz7w10\"><span>\u00ab\u00a0Les gens pensent que je suis maudit\u00a0\u00bb, dit-il.\u00a0\u00ab\u00a0Ils jettent souvent un m\u00e9lange d&rsquo;eau sal\u00e9e et d&rsquo;\u0153ufs crus devant ma porte parce qu&rsquo;ils pensent que cela les prot\u00e9gera de moi.\u00a0\u00bb<\/span><\/p>\n<\/div>\n<\/div>\n<div class=\"ssrcss-11r1m41-RichTextComponentWrapper ep2nwvo0\" data-component=\"text-block\">\n<div class=\"ssrcss-7uxr49-RichTextContainer e5tfeyi1\">\n<p class=\"ssrcss-1q0x1qg-Paragraph e1jhz7w10\"><span>M. Mohamed a finalement trouv\u00e9 un emploi de femme de m\u00e9nage dans un restaurant gagnant entre 1,40 et 4 dollars (3 \u00a3) par jour.<\/span><\/p>\n<\/div>\n<\/div>\n<div class=\"ssrcss-11r1m41-RichTextComponentWrapper ep2nwvo0\" data-component=\"text-block\">\n<div class=\"ssrcss-7uxr49-RichTextContainer e5tfeyi1\">\n<p class=\"ssrcss-1q0x1qg-Paragraph e1jhz7w10\"><span>Cela n&rsquo;a pas dur\u00e9 longtemps.<\/span><\/p>\n<\/div>\n<\/div>\n<div class=\"ssrcss-11r1m41-RichTextComponentWrapper ep2nwvo0\" data-component=\"text-block\">\n<div class=\"ssrcss-7uxr49-RichTextContainer e5tfeyi1\">\n<p class=\"ssrcss-1q0x1qg-Paragraph e1jhz7w10\"><span>Il a \u00e9t\u00e9 licenci\u00e9 apr\u00e8s que les clients ont cess\u00e9 d&rsquo;y manger, affirmant qu&rsquo;ils craignaient qu&rsquo;il ne les infecte avec l&rsquo;albinisme, m\u00eame s&rsquo;il ne s&rsquo;agit pas d&rsquo;une maladie contagieuse, mais plut\u00f4t d&rsquo;une maladie g\u00e9n\u00e9tique.<\/span><\/p>\n<\/div>\n<\/div>\n<div class=\"ssrcss-11r1m41-RichTextComponentWrapper ep2nwvo0\" data-component=\"text-block\">\n<div class=\"ssrcss-7uxr49-RichTextContainer e5tfeyi1\">\n<p class=\"ssrcss-1q0x1qg-Paragraph e1jhz7w10\"><span>\u00ab\u00a0Je suis all\u00e9 de restaurant en restaurant \u00e0 la recherche d&rsquo;un autre emploi, mais personne ne voulait m&#8217;embaucher\u00a0\u00bb, dit-il.\u00a0\u00ab\u00a0J&rsquo;ai fini par mendier dans la rue, brandissant une pancarte avec mon num\u00e9ro de t\u00e9l\u00e9phone pour que les gens puissent faire des dons via des paiements mobiles.\u00a0\u00bb<\/span><\/p>\n<\/div>\n<\/div>\n<div class=\"ssrcss-11r1m41-RichTextComponentWrapper ep2nwvo0\" data-component=\"text-block\">\n<div class=\"ssrcss-7uxr49-RichTextContainer e5tfeyi1\">\n<p class=\"ssrcss-1q0x1qg-Paragraph e1jhz7w10\"><span>L\u2019argent qu\u2019il gagne en mendiant suffit rarement \u00e0 couvrir ses repas et son loyer, sans parler de la cr\u00e8me solaire et des lunettes dont il a besoin pour prot\u00e9ger sa peau et ses yeux sensibles.\u00a0Les personnes atteintes d&rsquo;albinisme ont peu ou pas de m\u00e9lanine, le pigment qui colore les yeux, les cheveux et la peau et offre une protection contre le soleil.<\/span><\/p>\n<\/div>\n<\/div>\n<div id=\"piano-inline2\"><\/div>\n<div class=\"ssrcss-11r1m41-RichTextComponentWrapper ep2nwvo0\" data-component=\"text-block\">\n<div class=\"ssrcss-7uxr49-RichTextContainer e5tfeyi1\">\n<p class=\"ssrcss-1q0x1qg-Paragraph e1jhz7w10\"><span>\u00ab\u00a0Je n&rsquo;ai pas les moyens d&rsquo;acheter des lunettes de soleil\u00a0\u00bb, d\u00e9clare M. Mohamed.\u00a0\u00ab\u00a0Il y a tellement de poussi\u00e8re et une circulation tr\u00e8s polluante sur le march\u00e9 o\u00f9 je mendie. Mes yeux souffrent constamment et ma vue se d\u00e9t\u00e9riore rapidement.\u00a0\u00bb<\/span><\/p>\n<\/div>\n<\/div>\n<div class=\"ssrcss-11r1m41-RichTextComponentWrapper ep2nwvo0\" data-component=\"text-block\">\n<div class=\"ssrcss-7uxr49-RichTextContainer e5tfeyi1\">\n<p class=\"ssrcss-1q0x1qg-Paragraph e1jhz7w10\"><span>\u00ab\u00a0Parfois, les gens me donnent leurs restes \u00e0 manger. D&rsquo;autres fois, je n&rsquo;ai rien.\u00a0\u00bb<\/span><\/p>\n<\/div>\n<\/div>\n<div class=\"ssrcss-11r1m41-RichTextComponentWrapper ep2nwvo0\" data-component=\"text-block\">\n<div class=\"ssrcss-7uxr49-RichTextContainer e5tfeyi1\">\n<p class=\"ssrcss-1q0x1qg-Paragraph e1jhz7w10\"><span>Les r\u00eaves de M. Mohamed de s&rsquo;enfuir \u00e0 Mogadiscio pour gagner de l&rsquo;argent et le renvoyer \u00e0 sa famille, notamment \u00e0 ses fr\u00e8res albinos, ont \u00e9t\u00e9 bris\u00e9s.<\/span><\/p>\n<\/div>\n<\/div>\n<div class=\"ssrcss-xza2yt-ComponentWrapper ep2nwvo1\" data-component=\"image-block\">\n<figure class=\"ssrcss-4qvfmb-StyledFigure e34k3c23\">\n<div class=\"ssrcss-ab5fd8-StyledFigureContainer e34k3c21\"><span class=\"ssrcss-tvuve5-StyledFigureCopyright e34k3c20\" role=\"text\"><span class=\"visually-hidden ssrcss-1f39n02-VisuallyHidden e16en2lz0\"><span>SOURCE DES IMAGES,<\/span><\/span><span>NACIIMA SAED SALAH<\/span><\/span><\/div><figcaption class=\"ssrcss-1mget3o-StyledFigureCaption e34k3c22\"><span class=\"visually-hidden ssrcss-1f39n02-VisuallyHidden e16en2lz0\"><span>L\u00e9gende,<\/span><\/span><\/p>\n<div class=\"ssrcss-y7krbn-Stack e1y4nx260\"><span>Le chef de l&rsquo;association somalienne des albinos, Mohamed Abukar Abdiqadir, avec ses enfants<\/span><\/div>\n<\/figcaption><\/figure>\n<\/div>\n<div class=\"ssrcss-11r1m41-RichTextComponentWrapper ep2nwvo0\" data-component=\"text-block\">\n<div class=\"ssrcss-7uxr49-RichTextContainer e5tfeyi1\">\n<p class=\"ssrcss-1q0x1qg-Paragraph e1jhz7w10\"><span>On ne sait pas exactement combien de personnes atteintes d\u2019albinisme vivent en Somalie car aucune donn\u00e9e n\u2019est disponible.\u00a0Le pays est touch\u00e9 par le conflit et l\u2019instabilit\u00e9 depuis plus de trois d\u00e9cennies. Il est donc impossible de recueillir des informations fiables.<\/span><\/p>\n<\/div>\n<\/div>\n<div class=\"ssrcss-11r1m41-RichTextComponentWrapper ep2nwvo0\" data-component=\"text-block\">\n<div class=\"ssrcss-7uxr49-RichTextContainer e5tfeyi1\">\n<p class=\"ssrcss-1q0x1qg-Paragraph e1jhz7w10\"><span>Plus t\u00f4t cette ann\u00e9e, environ 80 familles vivant avec l&rsquo;albinisme \u00e0 Mogadiscio se sont r\u00e9unies pour former une association, Somali Albinos, qui, esp\u00e8rent-ils, sensibilisera \u00e0 leur sort et contribuera \u00e0 r\u00e9duire la stigmatisation.<\/span><\/p>\n<\/div>\n<\/div>\n<div class=\"ssrcss-11r1m41-RichTextComponentWrapper ep2nwvo0\" data-component=\"text-block\">\n<div class=\"ssrcss-7uxr49-RichTextContainer e5tfeyi1\">\n<p class=\"ssrcss-1q0x1qg-Paragraph e1jhz7w10\"><span>Jusqu\u2019\u00e0 pr\u00e9sent, 86 flacons de cr\u00e8me solaire leur ont \u00e9t\u00e9 envoy\u00e9s par des femmes somaliennes vivant dans la diaspora.<\/span><\/p>\n<\/div>\n<\/div>\n<div id=\"piano-inline3\"><\/div>\n<div class=\"ssrcss-11r1m41-RichTextComponentWrapper ep2nwvo0\" data-component=\"text-block\">\n<div class=\"ssrcss-7uxr49-RichTextContainer e5tfeyi1\">\n<p class=\"ssrcss-1q0x1qg-Paragraph e1jhz7w10\"><span>Il est recommand\u00e9 aux personnes atteintes d&rsquo;albinisme de porter un \u00e9cran solaire \u00e0 indice \u00e9lev\u00e9, des v\u00eatements de protection et des lunettes de soleil pour r\u00e9duire l&rsquo;exposition au soleil.<\/span><\/p>\n<\/div>\n<\/div>\n<div class=\"ssrcss-11r1m41-RichTextComponentWrapper ep2nwvo0\" data-component=\"text-block\">\n<div class=\"ssrcss-7uxr49-RichTextContainer e5tfeyi1\">\n<p class=\"ssrcss-1q0x1qg-Paragraph e1jhz7w10\"><span>Leur manque de m\u00e9lanine signifie qu\u2019ils courent un risque accru de coups de soleil et de cancer de la peau.\u00a0Cela entra\u00eene \u00e9galement des probl\u00e8mes oculaires, car la m\u00e9lanine est impliqu\u00e9e dans le d\u00e9veloppement de la r\u00e9tine, la fine couche de cellules situ\u00e9e au fond de l\u2019\u0153il.<\/span><\/p>\n<\/div>\n<\/div>\n<div class=\"ssrcss-11r1m41-RichTextComponentWrapper ep2nwvo0\" data-component=\"text-block\">\n<div class=\"ssrcss-7uxr49-RichTextContainer e5tfeyi1\">\n<p class=\"ssrcss-1q0x1qg-Paragraph e1jhz7w10\"><span>\u00ab\u00a0D&rsquo;autres Somaliens handicap\u00e9s ont form\u00e9 des organisations qui font pression pour obtenir l&rsquo;aide du gouvernement et des organisations internationales\u00a0\u00bb, explique le pr\u00e9sident du groupe, Mohamed Abukar Abdiqadir, 40 ans.\u00a0\u00ab\u00a0Ils ont d\u00e9sormais des droits. Nous, pas nous.\u00a0\u00bb<\/span><\/p>\n<\/div>\n<\/div>\n<div class=\"ssrcss-11r1m41-RichTextComponentWrapper ep2nwvo0\" data-component=\"text-block\">\n<div class=\"ssrcss-7uxr49-RichTextContainer e5tfeyi1\">\n<p class=\"ssrcss-1q0x1qg-Paragraph e1jhz7w10\"><span>\u00ab\u00a0J&rsquo;ai \u00e9t\u00e9 \u00e9lu \u00e0 la t\u00eate de notre association parce que je suis un h\u00e9ros et je n&rsquo;abandonne jamais\u00a0\u00bb, d\u00e9clare M. Abdiqadir, p\u00e8re de six enfants.\u00a0Comme lui, ils vivent tous avec l&rsquo;albinisme.<\/span><\/p>\n<\/div>\n<\/div>\n<div class=\"ssrcss-11r1m41-RichTextComponentWrapper ep2nwvo0\" data-component=\"text-block\">\n<div class=\"ssrcss-7uxr49-RichTextContainer e5tfeyi1\">\n<p class=\"ssrcss-1q0x1qg-Paragraph e1jhz7w10\"><span>Il gagne sa vie en vendant de la nourriture s\u00e9ch\u00e9e et en conserve sur un chariot au march\u00e9 Hamar Weyne.\u00a0Il porte toujours un chapeau pour se prot\u00e9ger du soleil.<\/span><\/p>\n<\/div>\n<\/div>\n<div class=\"ssrcss-11r1m41-RichTextComponentWrapper ep2nwvo0\" data-component=\"text-block\">\n<div class=\"ssrcss-7uxr49-RichTextContainer e5tfeyi1\">\n<p class=\"ssrcss-1q0x1qg-Paragraph e1jhz7w10\"><span>\u00ab\u00a0La raison pour laquelle les gens nous d\u00e9testent et nous craignent est l&rsquo;ignorance\u00a0\u00bb, dit-il.<\/span><\/p>\n<\/div>\n<\/div>\n<div class=\"ssrcss-11r1m41-RichTextComponentWrapper ep2nwvo0\" data-component=\"text-block\">\n<div class=\"ssrcss-7uxr49-RichTextContainer e5tfeyi1\">\n<p class=\"ssrcss-1q0x1qg-Paragraph e1jhz7w10\"><span>\u00ab Le mal et la discrimination auxquels nous sommes confront\u00e9s ne doivent pas nous emp\u00eacher de lutter pour nos droits et de nourrir nos familles. Si les Somaliens apprennent ce qu&rsquo;est l&rsquo;albinisme, ils r\u00e9aliseront que nous sommes des gens comme eux.<\/span><\/p>\n<\/div>\n<\/div>\n<div class=\"ssrcss-1bw6vp7-ComponentWrapper-IncludeComponentWrapper e1vuxjf41\" data-component=\"include-block\">\n<div class=\"ssrcss-1hlcnof-Id2FixWrapper e1vuxjf40\" data-component=\"include-html\">\n<div class=\"sc-bdVaJa rPqeC\" data-uuid=\"a2f793e0-b3ff-447b-b337-ed8934829f29\">\n<div class=\"sc-htpNat kUePcj\" data-graphicpic=\"true\"><img decoding=\"async\" class=\"sc-bwzfXH CZkdd\" src=\"https:\/\/c.files.bbci.co.uk\/assets\/dc196d14-09f7-4db8-99ea-c2a68718f606\" alt=\"Asha Gel\u00e9\" \/><\/p>\n<div class=\"sc-bxivhb huvKBR\" dir=\"ltr\"><span>Naciima Saed Salah<\/span><\/div>\n<\/div>\n<blockquote class=\"sc-gzVnrw blLFIH\" dir=\"ltr\">\n<div class=\"sc-dnqmqq dHUwnI\"><span>Les gens que j\u2019aime le plus \u2013 mon mari et mes proches \u2013 \u00e9vitent mes enfants. \u00bb<\/span><\/div>\n<footer class=\"sc-gZMcBi honXkL\"><cite class=\"sc-gqjmRU klLnaG\"><strong><span>Asha Gele<\/span><\/strong><br \/>\n<span>M\u00e8re d&rsquo;enfants atteints d&rsquo;albinisme<\/span><\/cite><\/footer>\n<\/blockquote>\n<\/div>\n<\/div>\n<\/div>\n<div class=\"ssrcss-xza2yt-ComponentWrapper ep2nwvo1\" data-component=\"image-block\">\n<figure class=\"ssrcss-4qvfmb-StyledFigure e34k3c23\">\n<div class=\"ssrcss-ab5fd8-StyledFigureContainer e34k3c21\"><\/div>\n<\/figure>\n<\/div>\n<div class=\"ssrcss-11r1m41-RichTextComponentWrapper ep2nwvo0\" data-component=\"text-block\">\n<div class=\"ssrcss-7uxr49-RichTextContainer e5tfeyi1\">\n<p class=\"ssrcss-1q0x1qg-Paragraph e1jhz7w10\"><span>Pour l\u2019instant, les pr\u00e9jug\u00e9s contre les personnes atteintes d\u2019albinisme sont si graves que les enfants atteints de cette maladie re\u00e7oivent rarement une \u00e9ducation.<\/span><\/p>\n<\/div>\n<\/div>\n<div class=\"ssrcss-11r1m41-RichTextComponentWrapper ep2nwvo0\" data-component=\"text-block\">\n<div class=\"ssrcss-7uxr49-RichTextContainer e5tfeyi1\">\n<p class=\"ssrcss-1q0x1qg-Paragraph e1jhz7w10\"><span>\u00ab\u00a0J&rsquo;ai retir\u00e9 mes enfants de l&rsquo;\u00e9cole parce qu&rsquo;ils \u00e9taient drogu\u00e9s tous les jours\u00a0\u00bb, explique Asha Gele, dont les deux fils vivent avec l&rsquo;albinisme.<\/span><\/p>\n<\/div>\n<\/div>\n<div class=\"ssrcss-11r1m41-RichTextComponentWrapper ep2nwvo0\" data-component=\"text-block\">\n<div class=\"ssrcss-7uxr49-RichTextContainer e5tfeyi1\">\n<p class=\"ssrcss-1q0x1qg-Paragraph e1jhz7w10\"><span>\u00ab\u00a0Leur peau d\u00e9licate a \u00e9t\u00e9 gravement endommag\u00e9e par les pierres que les gens leur ont lanc\u00e9es, alors maintenant je les garde \u00e0 l&rsquo;int\u00e9rieur toute la journ\u00e9e, tous les jours\u00a0\u00bb, dit-elle.\u00a0\u00ab\u00a0Ils ne recevront pas d&rsquo;\u00e9ducation, ils n&rsquo;apprendront pas \u00e0 jouer avec d&rsquo;autres enfants, mais au moins ils seront en s\u00e9curit\u00e9.\u00a0\u00bb<\/span><\/p>\n<\/div>\n<\/div>\n<div class=\"ssrcss-11r1m41-RichTextComponentWrapper ep2nwvo0\" data-component=\"text-block\">\n<div class=\"ssrcss-7uxr49-RichTextContainer e5tfeyi1\">\n<p class=\"ssrcss-1q0x1qg-Paragraph e1jhz7w10\"><span>La famille paie 40 dollars par mois pour vivre dans une propri\u00e9t\u00e9 de fortune de deux pi\u00e8ces dans le district d&rsquo;Huriwa, au nord de Mogadiscio.\u00a0Ses murs et son toit sont construits \u00e0 partir de vieux tissus et de t\u00f4les ondul\u00e9es cass\u00e9es et rouill\u00e9es, ce qui n&rsquo;est pas suffisant pour emp\u00eacher la lumi\u00e8re du soleil de p\u00e9n\u00e9trer et de br\u00fbler la peau des enfants.<\/span><\/p>\n<\/div>\n<\/div>\n<div class=\"ssrcss-11r1m41-RichTextComponentWrapper ep2nwvo0\" data-component=\"text-block\">\n<div class=\"ssrcss-7uxr49-RichTextContainer e5tfeyi1\">\n<p class=\"ssrcss-1q0x1qg-Paragraph e1jhz7w10\"><span>\u00ab Avant, je gagnais pas mal d&rsquo;argent en vendant des l\u00e9gumes au march\u00e9 \u00bb, explique Mme Gele.\u00a0\u00ab\u00a0J&rsquo;ai d\u00fb abandonner mon entreprise pour rester \u00e0 la maison avec mes enfants. Aujourd&rsquo;hui, nous luttons pour survivre avec les 4 \u00e0 6 dollars que mon mari gagne quotidiennement en tant que conducteur de pousse-pousse.\u00a0\u00bb<\/span><\/p>\n<\/div>\n<\/div>\n<div class=\"ssrcss-11r1m41-RichTextComponentWrapper ep2nwvo0\" data-component=\"text-block\">\n<div class=\"ssrcss-7uxr49-RichTextContainer e5tfeyi1\">\n<p class=\"ssrcss-1q0x1qg-Paragraph e1jhz7w10\"><span>Mme Gele dit que son mariage s&rsquo;effondre parce que son mari lui reproche d&rsquo;avoir donn\u00e9 naissance \u00e0 des enfants atteints d&rsquo;albinisme.\u00a0Il l&rsquo;accuse de porter malheur \u00e0 la famille.<\/span><\/p>\n<\/div>\n<\/div>\n<div class=\"ssrcss-11r1m41-RichTextComponentWrapper ep2nwvo0\" data-component=\"text-block\">\n<div class=\"ssrcss-7uxr49-RichTextContainer e5tfeyi1\">\n<p class=\"ssrcss-1q0x1qg-Paragraph e1jhz7w10\"><span>\u00ab\u00a0Les gens que j&rsquo;aime le plus &#8211; mon mari et mes proches &#8211; \u00e9vitent mes enfants. Mon propre fr\u00e8re garde ses distances parce qu&rsquo;il pense qu&rsquo;ils vont lui transmettre l&rsquo;albinisme\u00a0\u00bb, dit-elle.<\/span><\/p>\n<\/div>\n<\/div>\n<div class=\"ssrcss-11r1m41-RichTextComponentWrapper ep2nwvo0\" data-component=\"text-block\">\n<div class=\"ssrcss-7uxr49-RichTextContainer e5tfeyi1\">\n<p class=\"ssrcss-1q0x1qg-Paragraph e1jhz7w10\"><span>\u00ab\u00a0Mais je resterai toujours \u00e0 leurs c\u00f4t\u00e9s et les d\u00e9fendrai quoi qu&rsquo;il arrive. Je serai patient et je ne les n\u00e9gligerai jamais. Ils n&rsquo;ont pas choisi de vivre ainsi.\u00a0\u00bb<\/span><\/p>\n<\/div>\n<\/div>\n<div class=\"ssrcss-11r1m41-RichTextComponentWrapper ep2nwvo0\" data-component=\"text-block\">\n<div class=\"ssrcss-7uxr49-RichTextContainer e5tfeyi1\">\n<p class=\"ssrcss-1q0x1qg-Paragraph e1jhz7w10\"><i class=\"ssrcss-xbdn93-ItalicText e5tfeyi2\"><span>Naciima Saed Salah est journaliste au sein du seul m\u00e9dia enti\u00e8rement f\u00e9minin de Somalie, Bilan Media.<\/span><\/i><\/p>\n<p>Par Naciima Saed Salah<\/p>\n<\/div>\n<\/div>\n","protected":false},"excerpt":{"rendered":"<p>&nbsp; Faisant r\u00e9f\u00e9rence \u00e0 la stigmatisation dont il est victime en Somalie parce qu&rsquo;il est atteint d&rsquo;albinisme, Elmi Bile Mohamed, 25 ans, d\u00e9clare : \u00ab\u00a0Les gens me disent que je suis un cannibale et que je vais manger leurs enfants. Ils ont peur de moi.\u00a0\u00bb M. Mohamed a du mal \u00e0 trouver un logement dans [&hellip;]<\/p>\n","protected":false},"author":1,"featured_media":5932,"comment_status":"open","ping_status":"open","sticky":false,"template":"","format":"standard","meta":{"footnotes":""},"categories":[17],"tags":[],"class_list":["post-5931","post","type-post","status-publish","format-standard","has-post-thumbnail","hentry","category-societe"],"_links":{"self":[{"href":"https:\/\/atvguinee.net\/index.php\/wp-json\/wp\/v2\/posts\/5931","targetHints":{"allow":["GET"]}}],"collection":[{"href":"https:\/\/atvguinee.net\/index.php\/wp-json\/wp\/v2\/posts"}],"about":[{"href":"https:\/\/atvguinee.net\/index.php\/wp-json\/wp\/v2\/types\/post"}],"author":[{"embeddable":true,"href":"https:\/\/atvguinee.net\/index.php\/wp-json\/wp\/v2\/users\/1"}],"replies":[{"embeddable":true,"href":"https:\/\/atvguinee.net\/index.php\/wp-json\/wp\/v2\/comments?post=5931"}],"version-history":[{"count":1,"href":"https:\/\/atvguinee.net\/index.php\/wp-json\/wp\/v2\/posts\/5931\/revisions"}],"predecessor-version":[{"id":5933,"href":"https:\/\/atvguinee.net\/index.php\/wp-json\/wp\/v2\/posts\/5931\/revisions\/5933"}],"wp:featuredmedia":[{"embeddable":true,"href":"https:\/\/atvguinee.net\/index.php\/wp-json\/wp\/v2\/media\/5932"}],"wp:attachment":[{"href":"https:\/\/atvguinee.net\/index.php\/wp-json\/wp\/v2\/media?parent=5931"}],"wp:term":[{"taxonomy":"category","embeddable":true,"href":"https:\/\/atvguinee.net\/index.php\/wp-json\/wp\/v2\/categories?post=5931"},{"taxonomy":"post_tag","embeddable":true,"href":"https:\/\/atvguinee.net\/index.php\/wp-json\/wp\/v2\/tags?post=5931"}],"curies":[{"name":"wp","href":"https:\/\/api.w.org\/{rel}","templated":true}]}}