{"id":5876,"date":"2023-08-28T11:38:44","date_gmt":"2023-08-28T11:38:44","guid":{"rendered":"https:\/\/atvguinee.net\/?p=5876"},"modified":"2023-08-28T11:38:44","modified_gmt":"2023-08-28T11:38:44","slug":"an-2-du-cnrd-les-forces-vives-de-guinee-annoncent-une-marche-le-5-septembre-pour-la-rectification-de-la-transition","status":"publish","type":"post","link":"https:\/\/atvguinee.net\/index.php\/2023\/08\/28\/an-2-du-cnrd-les-forces-vives-de-guinee-annoncent-une-marche-le-5-septembre-pour-la-rectification-de-la-transition\/","title":{"rendered":"An 2 du CNRD : les forces vives de Guin\u00e9e annoncent une marche le 5 septembre pour \u00ab\u00a0la rectification de la transition\u00a0\u00bb"},"content":{"rendered":"<p>Dans une d\u00e9claration, les Forces vives de Guin\u00e9e (FVG) ont annonc\u00e9 dimanche l\u2019organisation le 5 septembre prochain (qui co\u00efncide \u00e0 l\u2019an 2 du CNRD) \u00a0d\u2019une \u00ab marche pacifique et citoyenne \u00e0 Conakry pour exiger la rectification de la transition en vue d\u2019un retour diligent, consensuel et paisible \u00e0 l\u2019ordre constitutionnel en Guin\u00e9e \u00bb.<\/p>\n<p>Ci-dessous communiqu\u00e9 !<\/p>\n<p><img fetchpriority=\"high\" decoding=\"async\" class=\"alignnone size-medium wp-image-5877\" src=\"http:\/\/atvguinee.net\/wp-content\/uploads\/2023\/08\/WhatsApp-Image-2023-08-28-at-11.22.44-228x300.jpeg\" alt=\"\" width=\"228\" height=\"300\" srcset=\"https:\/\/atvguinee.net\/wp-content\/uploads\/2023\/08\/WhatsApp-Image-2023-08-28-at-11.22.44-228x300.jpeg 228w, https:\/\/atvguinee.net\/wp-content\/uploads\/2023\/08\/WhatsApp-Image-2023-08-28-at-11.22.44-778x1024.jpeg 778w, https:\/\/atvguinee.net\/wp-content\/uploads\/2023\/08\/WhatsApp-Image-2023-08-28-at-11.22.44-768x1010.jpeg 768w, https:\/\/atvguinee.net\/wp-content\/uploads\/2023\/08\/WhatsApp-Image-2023-08-28-at-11.22.44.jpeg 783w\" sizes=\"(max-width: 228px) 100vw, 228px\" \/><\/p>\n","protected":false},"excerpt":{"rendered":"<p>Dans une d\u00e9claration, les Forces vives de Guin\u00e9e (FVG) ont annonc\u00e9 dimanche l\u2019organisation le 5 septembre prochain (qui co\u00efncide \u00e0 l\u2019an 2 du CNRD) \u00a0d\u2019une \u00ab marche pacifique et citoyenne \u00e0 Conakry pour exiger la rectification de la transition en vue d\u2019un retour diligent, consensuel et paisible \u00e0 l\u2019ordre constitutionnel en Guin\u00e9e \u00bb. Ci-dessous communiqu\u00e9 [&hellip;]<\/p>\n","protected":false},"author":1,"featured_media":5878,"comment_status":"open","ping_status":"open","sticky":false,"template":"","format":"standard","meta":{"footnotes":""},"categories":[14],"tags":[],"class_list":["post-5876","post","type-post","status-publish","format-standard","has-post-thumbnail","hentry","category-politique"],"_links":{"self":[{"href":"https:\/\/atvguinee.net\/index.php\/wp-json\/wp\/v2\/posts\/5876","targetHints":{"allow":["GET"]}}],"collection":[{"href":"https:\/\/atvguinee.net\/index.php\/wp-json\/wp\/v2\/posts"}],"about":[{"href":"https:\/\/atvguinee.net\/index.php\/wp-json\/wp\/v2\/types\/post"}],"author":[{"embeddable":true,"href":"https:\/\/atvguinee.net\/index.php\/wp-json\/wp\/v2\/users\/1"}],"replies":[{"embeddable":true,"href":"https:\/\/atvguinee.net\/index.php\/wp-json\/wp\/v2\/comments?post=5876"}],"version-history":[{"count":1,"href":"https:\/\/atvguinee.net\/index.php\/wp-json\/wp\/v2\/posts\/5876\/revisions"}],"predecessor-version":[{"id":5879,"href":"https:\/\/atvguinee.net\/index.php\/wp-json\/wp\/v2\/posts\/5876\/revisions\/5879"}],"wp:featuredmedia":[{"embeddable":true,"href":"https:\/\/atvguinee.net\/index.php\/wp-json\/wp\/v2\/media\/5878"}],"wp:attachment":[{"href":"https:\/\/atvguinee.net\/index.php\/wp-json\/wp\/v2\/media?parent=5876"}],"wp:term":[{"taxonomy":"category","embeddable":true,"href":"https:\/\/atvguinee.net\/index.php\/wp-json\/wp\/v2\/categories?post=5876"},{"taxonomy":"post_tag","embeddable":true,"href":"https:\/\/atvguinee.net\/index.php\/wp-json\/wp\/v2\/tags?post=5876"}],"curies":[{"name":"wp","href":"https:\/\/api.w.org\/{rel}","templated":true}]}}