{"id":5767,"date":"2023-08-08T15:42:03","date_gmt":"2023-08-08T15:42:03","guid":{"rendered":"https:\/\/atvguinee.net\/?p=5767"},"modified":"2023-08-08T15:42:03","modified_gmt":"2023-08-08T15:42:03","slug":"la-nouvelle-alliance-denommee-apr-chapeaute-par-pepe-francis-haba-va-finalement-rejoindre-le-cadre-de-dialogue-inter-guineen","status":"publish","type":"post","link":"https:\/\/atvguinee.net\/index.php\/2023\/08\/08\/la-nouvelle-alliance-denommee-apr-chapeaute-par-pepe-francis-haba-va-finalement-rejoindre-le-cadre-de-dialogue-inter-guineen\/","title":{"rendered":"La nouvelle alliance d\u00e9nomm\u00e9e \u201d APR \u201d chapeaut\u00e9 par P\u00e9p\u00e9 Francis Haba va finalement rejoindre le cadre de dialogue\u00a0inter-guin\u00e9en."},"content":{"rendered":"<p>La nouvelle alliance d\u00e9nomm\u00e9e \u201d APR \u201d chapeaut\u00e9e par P\u00e9p\u00e9 Francis Haba va finalement rejoindre le cadre de dialogue inter-guin\u00e9en. Dans l\u2019\u00e9mission mirador de ce mardi 8 ao\u00fbt 2023, P\u00e9p\u00e9 Francis Haba coordinateur de ladite alliance revient sur ce qui a motiv\u00e9 cette d\u00e9cision.<\/p>\n<p>L\u2019Alliance pour la R\u00e9publique (APR) est compos\u00e9e essentiellement des partis politiques ayant quitt\u00e9 l\u2019Alliance nationale pour l\u2019alternance et la d\u00e9mocratie (ANAD) de Cellou Dalein Diallo. Pour participer au cadre de dialogue inter-guin\u00e9en, boycott\u00e9 par l\u2019ANAD, Francis et certains de ses coll\u00e8gues ont d\u00e9cid\u00e9 il y a quelques semaines de cr\u00e9er leur coalition politique.<\/p>\n<p>Pour P\u00e9p\u00e9 Fran\u00e7is Haba lorsque la question de la mise en place d\u2019un cadre de dialogue inter guin\u00e9en s\u2019est pos\u00e9e, au sein de l\u2019ANAD, la majorit\u00e9 des 25 formations politiques de la coalition ont d\u00e9cid\u00e9 de ne pas participer. nous soyons \u00e0 jour sur ce qui se passe dans le pays, parce qu\u2019\u00e0 l\u2019ANAD, Etant donn\u00e9 qu\u2019il sont une jeune formation politique.<\/p>\n<p>Mariame Babara Sylla pour\u00a0atvguinee.net<\/p>\n","protected":false},"excerpt":{"rendered":"<p>La nouvelle alliance d\u00e9nomm\u00e9e \u201d APR \u201d chapeaut\u00e9e par P\u00e9p\u00e9 Francis Haba va finalement rejoindre le cadre de dialogue inter-guin\u00e9en. Dans l\u2019\u00e9mission mirador de ce mardi 8 ao\u00fbt 2023, P\u00e9p\u00e9 Francis Haba coordinateur de ladite alliance revient sur ce qui a motiv\u00e9 cette d\u00e9cision. L\u2019Alliance pour la R\u00e9publique (APR) est compos\u00e9e essentiellement des partis politiques [&hellip;]<\/p>\n","protected":false},"author":1,"featured_media":5768,"comment_status":"open","ping_status":"open","sticky":false,"template":"","format":"standard","meta":{"footnotes":""},"categories":[14],"tags":[],"class_list":["post-5767","post","type-post","status-publish","format-standard","has-post-thumbnail","hentry","category-politique"],"_links":{"self":[{"href":"https:\/\/atvguinee.net\/index.php\/wp-json\/wp\/v2\/posts\/5767","targetHints":{"allow":["GET"]}}],"collection":[{"href":"https:\/\/atvguinee.net\/index.php\/wp-json\/wp\/v2\/posts"}],"about":[{"href":"https:\/\/atvguinee.net\/index.php\/wp-json\/wp\/v2\/types\/post"}],"author":[{"embeddable":true,"href":"https:\/\/atvguinee.net\/index.php\/wp-json\/wp\/v2\/users\/1"}],"replies":[{"embeddable":true,"href":"https:\/\/atvguinee.net\/index.php\/wp-json\/wp\/v2\/comments?post=5767"}],"version-history":[{"count":1,"href":"https:\/\/atvguinee.net\/index.php\/wp-json\/wp\/v2\/posts\/5767\/revisions"}],"predecessor-version":[{"id":5769,"href":"https:\/\/atvguinee.net\/index.php\/wp-json\/wp\/v2\/posts\/5767\/revisions\/5769"}],"wp:featuredmedia":[{"embeddable":true,"href":"https:\/\/atvguinee.net\/index.php\/wp-json\/wp\/v2\/media\/5768"}],"wp:attachment":[{"href":"https:\/\/atvguinee.net\/index.php\/wp-json\/wp\/v2\/media?parent=5767"}],"wp:term":[{"taxonomy":"category","embeddable":true,"href":"https:\/\/atvguinee.net\/index.php\/wp-json\/wp\/v2\/categories?post=5767"},{"taxonomy":"post_tag","embeddable":true,"href":"https:\/\/atvguinee.net\/index.php\/wp-json\/wp\/v2\/tags?post=5767"}],"curies":[{"name":"wp","href":"https:\/\/api.w.org\/{rel}","templated":true}]}}