{"id":198,"date":"2022-11-25T13:02:02","date_gmt":"2022-11-25T13:02:02","guid":{"rendered":"https:\/\/atvguinee.net\/?p=198"},"modified":"2022-11-25T13:02:02","modified_gmt":"2022-11-25T13:02:02","slug":"massacres-du-28-septembre-2009-colonel-jean-louis-kpogomou-et-plusieurs-autres-deposes-a-la-maison-centrale-source","status":"publish","type":"post","link":"https:\/\/atvguinee.net\/index.php\/2022\/11\/25\/massacres-du-28-septembre-2009-colonel-jean-louis-kpogomou-et-plusieurs-autres-deposes-a-la-maison-centrale-source\/","title":{"rendered":"Massacres du 28 septembre 2009: Colonel Jean-Louis Kpogomou et plusieurs autres d\u00e9pos\u00e9s \u00e0 la Maison Centrale ( source)"},"content":{"rendered":"<div dir=\"ltr\" data-setdir=\"false\">L\u2019information est d\u2019une source s\u00fbre. Colonel Jean-Louis Kpogomou, commandant adjoint du centre de formation militaire de Kalyah en 2009 et actuel pr\u00e9fet de Koubia, Georges Ol\u00e9mou, Jacques Sagno et autres ont \u00e9t\u00e9 \u00e9crou\u00e9s le mercredi\u00a0 23 novembre 2022\u00a0 \u00e0 la Maison Centrale de Conakry.<\/div>\n<p>&nbsp;<\/p>\n<div><\/div>\n<div dir=\"ltr\" data-setdir=\"false\">Notre source pr\u00e9cise qu\u2019apr\u00e8s leur audition \u00e0 la Direction centrale des investigations judiciaires de la gendarmerie, ils ont \u00e9t\u00e9 inculp\u00e9s des faits de meurtres, assassinats, infiltration, s\u00e9questrations, pillages et complicit\u00e9 en lien avec les douloureux \u00e9v\u00e9nements du\u00a0 28 septembre 2009 et\u00a0les jours qui ont suivi.<\/div>\n<div><\/div>\n<div>A rappeler que depuis le lundi, le colonel Bienvenue Lamah, ex commandant de Kalyah, s\u00e9journe\u00a0 \u00e0 la Maison Centrale de Conakry. Comme pour dire que la liste des accus\u00e9s des massacres du 28 septembre 2009 ne fait que s\u2019allonger.<\/div>\n<div><\/div>\n<div><b>Alpha Barry\u00a0<\/b><\/div>\n","protected":false},"excerpt":{"rendered":"<p>L\u2019information est d\u2019une source s\u00fbre. Colonel Jean-Louis Kpogomou, commandant adjoint du centre de formation militaire de Kalyah en 2009 et actuel pr\u00e9fet de Koubia, Georges Ol\u00e9mou, Jacques Sagno et autres ont \u00e9t\u00e9 \u00e9crou\u00e9s le mercredi\u00a0 23 novembre 2022\u00a0 \u00e0 la Maison Centrale de Conakry. &nbsp; Notre source pr\u00e9cise qu\u2019apr\u00e8s leur audition \u00e0 la Direction centrale [&hellip;]<\/p>\n","protected":false},"author":1,"featured_media":199,"comment_status":"open","ping_status":"open","sticky":false,"template":"","format":"standard","meta":{"footnotes":""},"categories":[14],"tags":[],"class_list":["post-198","post","type-post","status-publish","format-standard","has-post-thumbnail","hentry","category-politique"],"_links":{"self":[{"href":"https:\/\/atvguinee.net\/index.php\/wp-json\/wp\/v2\/posts\/198","targetHints":{"allow":["GET"]}}],"collection":[{"href":"https:\/\/atvguinee.net\/index.php\/wp-json\/wp\/v2\/posts"}],"about":[{"href":"https:\/\/atvguinee.net\/index.php\/wp-json\/wp\/v2\/types\/post"}],"author":[{"embeddable":true,"href":"https:\/\/atvguinee.net\/index.php\/wp-json\/wp\/v2\/users\/1"}],"replies":[{"embeddable":true,"href":"https:\/\/atvguinee.net\/index.php\/wp-json\/wp\/v2\/comments?post=198"}],"version-history":[{"count":1,"href":"https:\/\/atvguinee.net\/index.php\/wp-json\/wp\/v2\/posts\/198\/revisions"}],"predecessor-version":[{"id":200,"href":"https:\/\/atvguinee.net\/index.php\/wp-json\/wp\/v2\/posts\/198\/revisions\/200"}],"wp:featuredmedia":[{"embeddable":true,"href":"https:\/\/atvguinee.net\/index.php\/wp-json\/wp\/v2\/media\/199"}],"wp:attachment":[{"href":"https:\/\/atvguinee.net\/index.php\/wp-json\/wp\/v2\/media?parent=198"}],"wp:term":[{"taxonomy":"category","embeddable":true,"href":"https:\/\/atvguinee.net\/index.php\/wp-json\/wp\/v2\/categories?post=198"},{"taxonomy":"post_tag","embeddable":true,"href":"https:\/\/atvguinee.net\/index.php\/wp-json\/wp\/v2\/tags?post=198"}],"curies":[{"name":"wp","href":"https:\/\/api.w.org\/{rel}","templated":true}]}}