{"id":11595,"date":"2024-08-13T11:07:58","date_gmt":"2024-08-13T11:07:58","guid":{"rendered":"https:\/\/atvguinee.net\/?p=11595"},"modified":"2024-08-13T11:08:41","modified_gmt":"2024-08-13T11:08:41","slug":"senegal-journee-sans-presse-lancee-ce-lundi","status":"publish","type":"post","link":"https:\/\/atvguinee.net\/index.php\/2024\/08\/13\/senegal-journee-sans-presse-lancee-ce-lundi\/","title":{"rendered":"S\u00c9N\u00c9GAL : journ\u00e9e sans presse lanc\u00e9e ce lundi&#8230;"},"content":{"rendered":"<p>&nbsp;<\/p>\n<p>&nbsp;<\/p>\n<p>Les patrons des m\u00e9dias au S\u00e9n\u00e9gal appellent \u00e0 une journ\u00e9e sans presse mardi pour alerter sur les difficult\u00e9s dans leur secteur qui vit \u00ab une des phases les plus sombres de son histoire \u00bb, plus de quatre mois apr\u00e8s l\u2019arriv\u00e9e au pouvoir des nouvelles autorit\u00e9s.<br \/>\n\u00ab Les journaux ne vont pas para\u00eetre. Il n\u2019y aura pas d\u2019\u00e9missions de radio et de t\u00e9l\u00e9vision. Les sites d\u2019informations appartenant \u00e0 des entreprises de presse ne vont pas diffuser \u00bb, a affirm\u00e9 lundi \u00e0 l\u2019AFP Mamadou Ibra Kane, le pr\u00e9sident du Conseil des diffuseurs et \u00e9diteurs de la presse au S\u00e9n\u00e9gal (Cdeps, patronat).<\/p>\n<p>Le Cdeps, qui regroupe des \u00e9diteurs priv\u00e9s et publics, a indiqu\u00e9 que la libert\u00e9 de la presse \u00ab est menac\u00e9e au S\u00e9n\u00e9gal \u00bb, dans un \u00e9ditorial commun publi\u00e9 lundi par la presse locale.<\/p>\n<p>Il met en cause les autorit\u00e9s notamment pour le \u00ab blocage des comptes bancaires \u00bb des entreprises de presse pour non-paiement d\u2019imp\u00f4t, la \u00ab saisie de (leur) mat\u00e9riel de production, la rupture unilat\u00e9rale et ill\u00e9gale des contrats publicitaires \u00bb, le \u00ab gel des paiements \u00bb dus aux m\u00e9dias.<\/p>\n<p>\u00ab L\u2019objectif vis\u00e9 n\u2019est autre que le contr\u00f4le de l\u2019information et la domestication des acteurs des m\u00e9dias \u00bb, estime-t-il. Au S\u00e9n\u00e9gal, le secteur des m\u00e9dias est confront\u00e9 depuis longtemps \u00e0 des difficult\u00e9s \u00e9conomiques, les acteurs d\u00e9non\u00e7ant des conditions de travail pr\u00e9caires.<\/p>\n<p>L\u2019\u00e9diteur de deux quotidiens sportifs parmi les plus lus dans le pays, \u00ab Stades \u00bb et \u00ab Sunu Lamb \u00bb, a suspendu fin juillet leur parution apr\u00e8s plus de vingt ans de pr\u00e9sence dans l\u2019espace m\u00e9diatique s\u00e9n\u00e9galais \u00e0 cause de difficult\u00e9s \u00e9conomiques.<\/p>\n<p>Le Premier ministre Ousmane Sonko, nomm\u00e9 par le pr\u00e9sident Bassirou Diomaye Faye qui a pris ses fonctions d\u00e9but avril, avait d\u00e9nonc\u00e9 fin juin les \u00ab d\u00e9tournements de fonds publics \u00bb auxquels se livreraient selon lui certains patrons de presse qui ne versent pas leurs cotisations sociales.<br \/>\nIl avait \u00e9galement mis en garde les m\u00e9dias qui \u00e9crivent selon lui ce qu\u2019ils veulent au nom d\u2019une soi-disant libert\u00e9 de la presse, sans aucune source fiable. Des propos que la profession avait jug\u00e9 mena\u00e7ants \u00e0 l\u2019encontre de la presse.<\/p>\n<p>Depuis 2021, le S\u00e9n\u00e9gal a recul\u00e9 de la 49e \u00e0 la 94e place au classement mondial de la libert\u00e9 de la presse de RSF. L\u2019ONG avait exhort\u00e9 d\u00e9but juin le nouveau pouvoir \u00e0 agir en faveur de la libert\u00e9 de la presse apr\u00e8s trois ann\u00e9es d\u2019agressions et d\u2019arrestations de journalistes ou de suspensions de m\u00e9dias sous la pr\u00e9sidence de Macky Sall.<\/p>\n<p>AFP<\/p>\n","protected":false},"excerpt":{"rendered":"<p>&nbsp; &nbsp; Les patrons des m\u00e9dias au S\u00e9n\u00e9gal appellent \u00e0 une journ\u00e9e sans presse mardi pour alerter sur les difficult\u00e9s dans leur secteur qui vit \u00ab une des phases les plus sombres de son histoire \u00bb, plus de quatre mois apr\u00e8s l\u2019arriv\u00e9e au pouvoir des nouvelles autorit\u00e9s. \u00ab Les journaux ne vont pas para\u00eetre. Il [&hellip;]<\/p>\n","protected":false},"author":4,"featured_media":0,"comment_status":"open","ping_status":"open","sticky":false,"template":"","format":"standard","meta":{"footnotes":""},"categories":[19],"tags":[],"class_list":["post-11595","post","type-post","status-publish","format-standard","hentry","category-internaional"],"_links":{"self":[{"href":"https:\/\/atvguinee.net\/index.php\/wp-json\/wp\/v2\/posts\/11595","targetHints":{"allow":["GET"]}}],"collection":[{"href":"https:\/\/atvguinee.net\/index.php\/wp-json\/wp\/v2\/posts"}],"about":[{"href":"https:\/\/atvguinee.net\/index.php\/wp-json\/wp\/v2\/types\/post"}],"author":[{"embeddable":true,"href":"https:\/\/atvguinee.net\/index.php\/wp-json\/wp\/v2\/users\/4"}],"replies":[{"embeddable":true,"href":"https:\/\/atvguinee.net\/index.php\/wp-json\/wp\/v2\/comments?post=11595"}],"version-history":[{"count":1,"href":"https:\/\/atvguinee.net\/index.php\/wp-json\/wp\/v2\/posts\/11595\/revisions"}],"predecessor-version":[{"id":11597,"href":"https:\/\/atvguinee.net\/index.php\/wp-json\/wp\/v2\/posts\/11595\/revisions\/11597"}],"wp:attachment":[{"href":"https:\/\/atvguinee.net\/index.php\/wp-json\/wp\/v2\/media?parent=11595"}],"wp:term":[{"taxonomy":"category","embeddable":true,"href":"https:\/\/atvguinee.net\/index.php\/wp-json\/wp\/v2\/categories?post=11595"},{"taxonomy":"post_tag","embeddable":true,"href":"https:\/\/atvguinee.net\/index.php\/wp-json\/wp\/v2\/tags?post=11595"}],"curies":[{"name":"wp","href":"https:\/\/api.w.org\/{rel}","templated":true}]}}